{"id":772,"date":"2025-08-04T23:13:55","date_gmt":"2025-08-04T23:13:55","guid":{"rendered":"https:\/\/ruajami.meshti.cl\/?p=772"},"modified":"2025-08-04T23:31:52","modified_gmt":"2025-08-04T23:31:52","slug":"gabriela-mistral-y-su-aprecio-por-el-pueblo-judio","status":"publish","type":"post","link":"https:\/\/www.ruajami.org\/index.php\/2025\/08\/04\/gabriela-mistral-y-su-aprecio-por-el-pueblo-judio\/","title":{"rendered":"Gabriela Mistral y su aprecio por el pueblo jud\u00edo"},"content":{"rendered":"\n<p id=\"block-260da154-1459-4727-8556-9a78d7e33a1d\"><strong>Gabriela Mistral y su aprecio por el pueblo jud\u00edo<\/strong><\/p>\n\n\n\n<p id=\"block-8b2747c3-203b-438b-9eb8-cef2ad3caff6\">Por Benjam\u00edn Fehrmann<\/p>\n\n\n\n<p id=\"block-ef33a065-9c54-492a-89ca-4963f9325397\">Gabriela Mistral (seud\u00f3nimo de Lucila de Mar\u00eda Godoy Alcayaga) fue una poetisa, pedagoga y diplom\u00e1tica chilena. Ganadora del premio Nobel de Literatura en 1945, su nombre resuena en la memoria colectiva de todos los chilenos. Una de sus facetas menos conocidas es la cercan\u00eda y admiraci\u00f3n que desarroll\u00f3 por el pueblo jud\u00edo, pese a no compartir ra\u00edces sangu\u00edneas con el.<\/p>\n\n\n\n<p id=\"block-fa322fd1-e409-4f6c-b3af-e8db4d98f31a\">Lucila naci\u00f3 en Vicu\u00f1a en 1889, hija de padre profesor y madre costurera. Su ni\u00f1ez destaca por su car\u00e1cter tranquilo y retra\u00eddo. Su madre Emelina contrajo matrimonio en 1901 con Jos\u00e9 de la Cruz Barraza, raz\u00f3n por la cual se muda a La Serena para incorporarse al Curso de Aplicaci\u00f3n Anexo a la Escuela Normal de Preceptoras, de la cual fue retirada debido a razones econ\u00f3micas, pasando por varios establecimientos educacionales con resultados infructuosos.<\/p>\n\n\n\n<p id=\"block-37cf7733-8f1d-4486-9311-3f6e0618ecc8\">Su ingreso a la docencia se produce en 1903 cuando es aceptada como profesora asistente en la escuela de la Compa\u00f1\u00eda Baja, en las cercan\u00edas de la capital regional. Fue Bernardo Ossand\u00f3n, profesor y miembro de la masoner\u00eda local quien le facilit\u00f3 gran cantidad de libros que causaron en la futura poetisa un gran gusto por la escritura. En 1904 apareci\u00f3 un texto en prosa titulado \u201cEl perd\u00f3n de una v\u00edctima\u201d en el periodico El Coquimbo de La Serena, el cual ser\u00eda el inicio de una serie de publicaciones -algunas inusualmente progresistas- que le costar\u00edan el rechazo de los sectores ideol\u00f3gicamente conservadores. Ser\u00eda en este periodo cuando adquiere su caracter\u00edstico nombre art\u00edstico: Gabriela Mistral.<\/p>\n\n\n\n<p id=\"block-df12272b-957c-4770-8b82-de4082fd327d\">En 1910 aprueba un ex\u00e1men de competencia en la Escuela Normal de Ni\u00f1as de Santiago, que le habilit\u00f3 como preceptora interina a propiedad del cargo, aqu\u00ed comenzar\u00eda su carrera como docente, destacando incluso como directora de liceos de ciudades como Temuco y Punta Arenas.<\/p>\n\n\n\n<p id=\"block-6039ac7e-d226-495a-9a30-f3e69c743881\">En 1922 el gobierno mexicano -a causa de la gran fama ganada por Lucila debido a sus m\u00faltiples publicaciones-, la invita a participar de la reforma educacional enfocada en la educaci\u00f3n de sectores vulnerables, recibiendo grandes reconocimientos de la naci\u00f3n norteamericana. Aqu\u00ed se produce su despegue internacional, realizando su primera gira en pa\u00edses como Suiza, Estados Unidos, Espa\u00f1a, entre otros.<\/p>\n\n\n\n<p id=\"block-a1410496-aa44-4683-8d3f-15fe4ca50a03\">En 1925 el gobierno chileno la destinar\u00eda a Francia como parte de un instituto de cooperaci\u00f3n intelectual de la Sociedad de Naciones (predecesor de la ONU), luego en 1932 el mismo gobierno la intenta destinar como diplom\u00e1tica en Italia, pa\u00eds que en manos de Benito Mussolini, la rechaza debido a haber manifestado posiciones antifascistas.<\/p>\n\n\n\n<p id=\"block-1b735ed7-788d-44c6-aeeb-4149fbb0e12c\">En 1934 public\u00f3 \u201cRecado sobre los jud\u00edos\u201d, denunciando la persecuci\u00f3n del pueblo hebreo debido al antisemitismo reinante en Europa. Su estancia en este continente la llev\u00f3 a entablar amistades con numerosos jud\u00edos, relaci\u00f3n que se puede evidenciar en la carta que escribe sobre el tr\u00e1gico suicidio de Stefan Zweig y su esposa Lotte Altmann en febrero de 1942 en Brasil y que Gabriela atribuir\u00eda a sus comentarios sobre el tr\u00e1gico camino que estaba tomando la guerra en el intento de exterminio de los hebreos.<\/p>\n\n\n\n<p id=\"block-d842195e-7520-4db9-8442-c8a33a53adc4\">En junio de 1946 es destinada a Estados Unidos, lugar donde establecer\u00eda domicilio definitivo en Long Island y en el cual morir\u00eda el 10 de enero de 1957 debido a un c\u00e1ncer de p\u00e1ncreas.<\/p>\n\n\n\n<figure class=\"wp-block-image aligncenter size-full is-resized\" id=\"block-33235cd7-4cb8-489f-a20f-c31840ab6932\"><img loading=\"lazy\" decoding=\"async\" width=\"389\" height=\"292\" src=\"https:\/\/ruajami.meshti.cl\/wp-content\/uploads\/2025\/08\/Imagen5-1.png\" alt=\"\" class=\"wp-image-765\" style=\"width:562px;height:auto\" srcset=\"https:\/\/www.ruajami.org\/wp-content\/uploads\/2025\/08\/Imagen5-1.png 389w, https:\/\/www.ruajami.org\/wp-content\/uploads\/2025\/08\/Imagen5-1-300x225.png 300w\" sizes=\"auto, (max-width: 389px) 100vw, 389px\" \/><\/figure>\n\n\n\n<p class=\"has-text-align-center\" id=\"block-8e428192-fb45-469c-827f-ba104e297aa2\"><em>Gabriela Mistral en su \u00faltima visita a Chile en 1954, fallecer\u00eda pocos a\u00f1os despu\u00e9s (Fuente: Archivo del Escritor. Colecci\u00f3n Gabriela Mistral ; ES0001226)<\/em><\/p>\n\n\n\n<p id=\"block-cbddcf87-5212-4c8d-82af-87e9487a13a5\">Posterior a su fallecimiento, la comunidad jud\u00eda chilena acord\u00f3 plantar un bosque en su memoria en las monta\u00f1as de Israel, esto se concret\u00f3 en 1963, con un discurso de la futura primera ministra Golda Meir, quien m\u00e1s tarde entregar\u00eda a la Universidad Hebrea de Jerusal\u00e9n una escultura de la chilena Laura Rodr\u00edguez en honor a Gabriela Mistral.<\/p>\n\n\n\n<figure class=\"wp-block-image aligncenter size-full is-resized\" id=\"block-fec3f554-75e0-48f2-bef9-15bc6499506f\"><img loading=\"lazy\" decoding=\"async\" width=\"278\" height=\"387\" src=\"https:\/\/ruajami.meshti.cl\/wp-content\/uploads\/2025\/08\/Imagen6-1.png\" alt=\"\" class=\"wp-image-766\" style=\"width:367px;height:auto\" srcset=\"https:\/\/www.ruajami.org\/wp-content\/uploads\/2025\/08\/Imagen6-1.png 278w, https:\/\/www.ruajami.org\/wp-content\/uploads\/2025\/08\/Imagen6-1-216x300.png 216w\" sizes=\"auto, (max-width: 278px) 100vw, 278px\" \/><\/figure>\n\n\n\n<p class=\"has-text-align-center\" id=\"block-8c70e75e-1e36-43bf-bacd-892e23dc23ac\"><em>Mensaje de Golda Meir honrando a Gabriela Mistral (Fuente: La Palabra Israelita (Santiago, Chile)&#8211; abr. 14, 1989, p. 6.).<\/em><\/p>\n\n\n\n<p id=\"block-86447938-0180-42b0-b1cd-5f1dc5ddebe2\">Su amor por el pueblo de Israel qued\u00f3 plasmado en un bello poema, al cual puso el t\u00edtulo de \u201cAl pueblo hebreo\u201d:<\/p>\n\n\n\n<p id=\"block-118deb25-98d3-49dd-8b24-e81ce1f557cb\"><em>Raza jud\u00eda, carne de dolores,<\/em><\/p>\n\n\n\n<p id=\"block-44344bcf-df76-4035-86a5-d9cac7417be5\"><em>raza jud\u00eda, r\u00edo de amargura:<\/em><\/p>\n\n\n\n<p id=\"block-043ad45f-87b9-4e8e-becb-3a688a12a708\"><em>como los cielos y la tierra, dura<\/em><\/p>\n\n\n\n<p id=\"block-ef1e5e80-e37a-4ed8-8694-49dab6259d18\"><em>y crece a\u00fan tu selva de clamores.<\/em><\/p>\n\n\n\n<p id=\"block-75e1e546-10ba-4714-bb1a-a6ffc6092ed2\"><em>Nunca han dejado orearse tus heridas;<\/em><\/p>\n\n\n\n<p id=\"block-60a29e48-2e02-44af-b06c-bbe02b86cb21\"><em>nunca han dejado que a sombrear te tienda<\/em><\/p>\n\n\n\n<p id=\"block-5ed621ed-de71-495c-bad0-7a0ac8494e64\"><em>para estrujar y renovar tu venda,<\/em><\/p>\n\n\n\n<p id=\"block-5745084f-682d-4842-bd6c-d9dd92053dfd\"><em>m\u00e1s que ninguna rosa enrojecida.<\/em><\/p>\n\n\n\n<p id=\"block-e6e3d1dd-afbd-4164-86bf-84a1a13eb1b3\"><em>Con tus gemidos se ha arrullado el mundo.<\/em><\/p>\n\n\n\n<p id=\"block-7712f539-4edd-492e-8c2a-5a0d3a48e776\"><em>Y juego con las hebras de tu llanto.<\/em><\/p>\n\n\n\n<p id=\"block-b55a9c3b-c035-4e6f-99de-14988e67e0fb\"><em>Los surcos de tu rostro, que amo tanto,<\/em><\/p>\n\n\n\n<p id=\"block-8a7fd0aa-67ba-4b85-91b3-dc424ca39845\"><em>son cual llagas de sierra de profundos.<\/em><\/p>\n\n\n\n<p id=\"block-e4badbe5-32d9-4380-af74-33048c7e0ad0\"><em>Temblando mecen su hijo las mujeres,<\/em><\/p>\n\n\n\n<p id=\"block-0bdda1b5-430c-44e9-89b3-65813d6c48a9\"><em>temblando siega el hombre su gavilla.<\/em><\/p>\n\n\n\n<p id=\"block-4e269663-1428-4ece-be8e-e4514cacdbc9\"><em>En tu so\u00f1ar se hinc\u00f3 la pesadilla<\/em><\/p>\n\n\n\n<p id=\"block-c7161cbd-ddc2-4fdb-9649-611ce483eeed\"><em>y tu palabra es s\u00f3lo el \u00a1&#8221;miserere&#8221;!<\/em><\/p>\n\n\n\n<p id=\"block-710205c4-d5cb-4c4b-b8d9-9e8b888ab74a\"><em>Raza jud\u00eda, y aun te resta pecho<\/em><\/p>\n\n\n\n<p id=\"block-46749f16-2e02-44a1-937c-b8c2260755a3\"><em>y voz de miel, para alabar tus lares,<\/em><\/p>\n\n\n\n<p id=\"block-1ec66916-cf47-4120-a0ba-26e18faf432f\"><em>y decir el Cantar de los Cantares<\/em><\/p>\n\n\n\n<p id=\"block-efde9598-d3d8-443e-b293-518a1c4186e2\"><em>con lengua, y labio, y coraz\u00f3n deshechos.<\/em><\/p>\n\n\n\n<p id=\"block-4a0edea9-ba71-4c8c-9841-725bb3744035\"><em>En tu mujer camina a\u00fan Mar\u00eda.<\/em><\/p>\n\n\n\n<p id=\"block-d7846521-102b-4e16-ab91-f5eae7bb5a11\"><em>Sobre tu rostro va el perfil de Cristo;<\/em><\/p>\n\n\n\n<p id=\"block-70a472f3-8822-4314-a331-c19ea15c1e04\"><em>por las laderas de Si\u00f3n le han visto<\/em><\/p>\n\n\n\n<p id=\"block-cecb2a15-f19f-4c97-8283-f62bdb965f1d\"><em>llamarte en vano, cuando muere el d\u00eda&#8230;<\/em><\/p>\n\n\n\n<p id=\"block-555f8279-41cd-4016-ac51-04f21a77cf09\"><em>Que tu dolor en Dimas le miraba<\/em><\/p>\n\n\n\n<p id=\"block-8c31d017-5525-449b-a5e1-0318028d3db3\"><em>y \u00c9l dijo a Dimas la palabra inmensa<\/em><\/p>\n\n\n\n<p id=\"block-eea181ef-90f3-47e2-9533-fb26d07868ae\"><em>y para ungir sus pies busca la trenza<\/em><\/p>\n\n\n\n<p id=\"block-ab02c64d-acec-43bf-93ce-2b0308f0d5bf\"><em>de Magdalena \u00a1y la halla ensangrentada!<\/em><\/p>\n\n\n\n<p id=\"block-210e3060-71d9-4918-84ab-6a2eaceb1777\"><em>\u00a1Raza jud\u00eda, carne de dolores,<\/em><\/p>\n\n\n\n<p id=\"block-b32685f5-cb9c-43de-ba7c-9a27f5e09c69\"><em>raza jud\u00eda, r\u00edo de amargura:<\/em><\/p>\n\n\n\n<p id=\"block-b63b71d4-7ef7-489a-a1cc-ffe7769c5acb\"><em>como los cielos y la tierra, dura<\/em><\/p>\n\n\n\n<p id=\"block-e06aa674-482f-4595-a03f-14a3861a23d9\"><em>y crece tu ancha selva de clamores!<\/em><\/p>\n\n\n\n<p id=\"block-d016afb0-7e54-4221-911d-4af63cfa7135\">Nota: El poema citado de Gabriela Mistral se incluye como parte de su obra en dominio p\u00fablico. Fuente digital: <a href=\"http:\/\/poeticous.com\/\">Poeticous.com<\/a>.<\/p>\n\n\n\n<p id=\"block-f2cd4b77-623a-4bb0-b1e4-4fff00b952b4\"><strong>Referencias<\/strong><\/p>\n\n\n\n<ul id=\"block-c0f6e4e7-0ad4-4643-b09c-4f63a4c3d360\" class=\"wp-block-list\">\n<li>Camino a Gabriela Mistral. \u201cSu vida\u201d.<a href=\"https:\/\/www.caminoagabrielamistral.cl\/su-vida\"> <\/a><a href=\"https:\/\/www.caminoagabrielamistral.cl\/su-vida\">https:\/\/www.caminoagabrielamistral.cl\/su-vida<\/a><\/li>\n\n\n\n<li>Archivo Jud\u00edo de Chile. \u201cNatalicio de Gabriela Mistral\u201d.<a href=\"https:\/\/archivojudio.cl\/es\/blog\/articulo\/natalicio-de-gabriela-mistral\"> <\/a><a href=\"https:\/\/archivojudio.cl\/es\/blog\/articulo\/natalicio-de-gabriela-mistral\">https:\/\/archivojudio.cl\/es\/blog\/articulo\/natalicio-de-gabriela-mistral<\/a><\/li>\n\n\n\n<li>Mistral, Gabriela. <em>Al pueblo hebreo<\/em>. Publicado en Poeticous.<a href=\"https:\/\/www.poeticous.com\/gabriela-mistral\/al-pueblo-hebreo?locale=es\"> <\/a><a href=\"https:\/\/www.poeticous.com\/gabriela-mistral\/al-pueblo-hebreo?locale=es\">https:\/\/www.poeticous.com\/gabriela-mistral\/al-pueblo-hebreo?locale=es<\/a><\/li>\n<\/ul>\n","protected":false},"excerpt":{"rendered":"<p>Gabriela Mistral y su aprecio por el pueblo jud\u00edo Por Benjam\u00edn Fehrmann Gabriela Mistral (seud\u00f3nimo de Lucila de Mar\u00eda Godoy Alcayaga) fue una poetisa, pedagoga y diplom\u00e1tica chilena. [&hellip;]<\/p>\n","protected":false},"author":1,"featured_media":765,"comment_status":"open","ping_status":"open","sticky":false,"template":"","format":"standard","meta":{"ngg_post_thumbnail":0,"footnotes":""},"categories":[29],"tags":[],"class_list":["post-772","post","type-post","status-publish","format-standard","has-post-thumbnail","hentry","category-cultura"],"_links":{"self":[{"href":"https:\/\/www.ruajami.org\/index.php\/wp-json\/wp\/v2\/posts\/772","targetHints":{"allow":["GET"]}}],"collection":[{"href":"https:\/\/www.ruajami.org\/index.php\/wp-json\/wp\/v2\/posts"}],"about":[{"href":"https:\/\/www.ruajami.org\/index.php\/wp-json\/wp\/v2\/types\/post"}],"author":[{"embeddable":true,"href":"https:\/\/www.ruajami.org\/index.php\/wp-json\/wp\/v2\/users\/1"}],"replies":[{"embeddable":true,"href":"https:\/\/www.ruajami.org\/index.php\/wp-json\/wp\/v2\/comments?post=772"}],"version-history":[{"count":5,"href":"https:\/\/www.ruajami.org\/index.php\/wp-json\/wp\/v2\/posts\/772\/revisions"}],"predecessor-version":[{"id":781,"href":"https:\/\/www.ruajami.org\/index.php\/wp-json\/wp\/v2\/posts\/772\/revisions\/781"}],"wp:featuredmedia":[{"embeddable":true,"href":"https:\/\/www.ruajami.org\/index.php\/wp-json\/wp\/v2\/media\/765"}],"wp:attachment":[{"href":"https:\/\/www.ruajami.org\/index.php\/wp-json\/wp\/v2\/media?parent=772"}],"wp:term":[{"taxonomy":"category","embeddable":true,"href":"https:\/\/www.ruajami.org\/index.php\/wp-json\/wp\/v2\/categories?post=772"},{"taxonomy":"post_tag","embeddable":true,"href":"https:\/\/www.ruajami.org\/index.php\/wp-json\/wp\/v2\/tags?post=772"}],"curies":[{"name":"wp","href":"https:\/\/api.w.org\/{rel}","templated":true}]}}